{"id":82436,"date":"2022-04-06T10:54:29","date_gmt":"2022-04-06T09:54:29","guid":{"rendered":"https:\/\/lacalade.fr\/?p=82436"},"modified":"2023-11-09T08:26:48","modified_gmt":"2023-11-09T08:26:48","slug":"les-plus-beaux-villages","status":"publish","type":"post","link":"https:\/\/lacalade.fr\/fr\/les-plus-beaux-villages\/","title":{"rendered":"Les Plus Beaux Villages"},"content":{"rendered":"\n[et_pb_section fb_built=&#8221;1&#8243; admin_label=&#8221;Header&#8221; _builder_version=&#8221;4.16&#8243; custom_width_px__hover=&#8221;1080px&#8221; custom_width_px__hover_enabled=&#8221;1080px&#8221; custom_width_percent__hover=&#8221;80%&#8221; custom_width_percent__hover_enabled=&#8221;80%&#8221; global_colors_info=&#8221;{}&#8221; make_fullwidth__hover=&#8221;off&#8221; make_fullwidth__hover_enabled=&#8221;off&#8221; use_custom_width__hover=&#8221;off&#8221; use_custom_width__hover_enabled=&#8221;off&#8221; width_unit__hover=&#8221;on&#8221; width_unit__hover_enabled=&#8221;on&#8221;][et_pb_row _builder_version=&#8221;4.16&#8243; use_custom_width=&#8221;on&#8221; custom_width_px=&#8221;1280px&#8221; custom_width_px__hover=&#8221;1080px&#8221; custom_width_px__hover_enabled=&#8221;1080px&#8221; custom_width_percent__hover=&#8221;80%&#8221; custom_width_percent__hover_enabled=&#8221;80%&#8221; global_colors_info=&#8221;{}&#8221; make_fullwidth__hover=&#8221;off&#8221; make_fullwidth__hover_enabled=&#8221;off&#8221; use_custom_width__hover=&#8221;off&#8221; use_custom_width__hover_enabled=&#8221;off&#8221; width_unit__hover=&#8221;on&#8221; width_unit__hover_enabled=&#8221;on&#8221;][et_pb_column type=&#8221;4_4&#8243; _builder_version=&#8221;4.16&#8243; global_colors_info=&#8221;{}&#8221; padding_tablet=&#8221;30px||10px&#8221; padding_last_edited=&#8221;on|tablet&#8221; padding_phone=&#8221;30px||10px&#8221;][et_pb_text _builder_version=&#8221;4.16&#8243; _dynamic_attributes=&#8221;content&#8221; _module_preset=&#8221;e598b17a-9229-42f6-b238-019d6094332e&#8221; header_font=&#8221;Vidaloka||||||||&#8221; header_text_color=&#8221;#161616&#8243; header_font_size=&#8221;60px&#8221; header_line_height=&#8221;1.15em&#8221; width=&#8221;80%&#8221; custom_margin=&#8221;||0px||false|false&#8221; hover_enabled=&#8221;0&#8243; header_font_size_tablet=&#8221;40px&#8221; header_font_size_phone=&#8221;24px&#8221; header_font_size_last_edited=&#8221;on|desktop&#8221; locked=&#8221;off&#8221; global_colors_info=&#8221;{}&#8221; sticky_enabled=&#8221;0&#8243;]@ET-DC@eyJkeW5hbWljIjp0cnVlLCJjb250ZW50IjoicG9zdF90aXRsZSIsInNldHRpbmdzIjp7ImJlZm9yZSI6IjxoMT4iLCJhZnRlciI6IjwvaDE+In19@[\/et_pb_text][\/et_pb_column][\/et_pb_row][\/et_pb_section][et_pb_section fb_built=&#8221;1&#8243; admin_label=&#8221;Content&#8221; module_id=&#8221;content&#8221; _builder_version=&#8221;4.16&#8243; custom_width_px__hover=&#8221;1080px&#8221; custom_width_px__hover_enabled=&#8221;1080px&#8221; custom_width_percent__hover=&#8221;80%&#8221; custom_width_percent__hover_enabled=&#8221;80%&#8221; global_colors_info=&#8221;{}&#8221; make_fullwidth__hover=&#8221;off&#8221; make_fullwidth__hover_enabled=&#8221;off&#8221; use_custom_width__hover=&#8221;off&#8221; use_custom_width__hover_enabled=&#8221;off&#8221; width_unit__hover=&#8221;on&#8221; width_unit__hover_enabled=&#8221;on&#8221;][et_pb_row column_structure=&#8221;2_5,3_5&#8243; _builder_version=&#8221;4.16&#8243; use_custom_width=&#8221;on&#8221; custom_width_px=&#8221;1280px&#8221; custom_width_px__hover=&#8221;1080px&#8221; custom_width_px__hover_enabled=&#8221;1080px&#8221; custom_width_percent__hover=&#8221;80%&#8221; custom_width_percent__hover_enabled=&#8221;80%&#8221; global_colors_info=&#8221;{}&#8221; use_custom_width__hover=&#8221;off&#8221; use_custom_width__hover_enabled=&#8221;off&#8221; width_unit__hover=&#8221;on&#8221; width_unit__hover_enabled=&#8221;on&#8221; make_fullwidth__hover=&#8221;off&#8221; make_fullwidth__hover_enabled=&#8221;off&#8221;][et_pb_column type=&#8221;2_5&#8243; _builder_version=&#8221;4.16&#8243; custom_padding=&#8221;|||&#8221; global_colors_info=&#8221;{}&#8221; custom_padding__hover=&#8221;|||&#8221;][et_pb_image src=&#8221;https:\/\/lacalade.fr\/wp-content\/uploads\/2022\/04\/Les_plus_beaux_villages_de_france.svg_.png&#8221; alt=&#8221;most beautiful villages&#8221; title_text=&#8221;Les_plus_beaux_villages_de_france.svg&#8221; _builder_version=&#8221;4.16.0&#8243; global_colors_info=&#8221;{}&#8221;][\/et_pb_image][\/et_pb_column][et_pb_column type=&#8221;3_5&#8243; _builder_version=&#8221;4.16&#8243; global_colors_info=&#8221;{}&#8221;][et_pb_text _builder_version=&#8221;4.16.1&#8243; _module_preset=&#8221;003e9429-8e11-4d9e-968b-8881092bbf81&#8243; header_2_font=&#8221;Vidaloka||||||||&#8221; header_2_text_color=&#8221;#161616&#8243; header_2_font_size=&#8221;40px&#8221; header_2_line_height=&#8221;1.35em&#8221; hover_enabled=&#8221;0&#8243; header_2_font_size_tablet=&#8221;30px&#8221; header_2_font_size_phone=&#8221;20px&#8221; header_2_font_size_last_edited=&#8221;on|desktop&#8221; global_colors_info=&#8221;{}&#8221; sticky_enabled=&#8221;0&#8243;]<h2>Top 5 des Plus Beaux Villages du Languedoc<span style=\"font-size: 14px;\"><\/span><\/h2>[\/et_pb_text][et_pb_text _builder_version=&#8221;4.16.1&#8243; _module_preset=&#8221;7262e956-c376-4aa6-9642-c413f71527d0&#8243; text_line_height=&#8221;1.8em&#8221; hover_enabled=&#8221;0&#8243; text_font_size_tablet=&#8221;&#8221; text_font_size_phone=&#8221;13px&#8221; text_font_size_last_edited=&#8221;on|phone&#8221; header_font_size_tablet=&#8221;55px&#8221; header_font_size_last_edited=&#8221;off|desktop&#8221; global_colors_info=&#8221;{}&#8221; sticky_enabled=&#8221;0&#8243;]<p>Les Plus Beaux Villages de France est une association cr\u00e9\u00e9e en 1982 pour prot\u00e9ger et promouvoir la richesse du patrimoine culturel et l&#8217;attractivit\u00e9 des petits villages ruraux.<\/p>\n<p>Ainsi, lorsque vous verrez un panneau &#8220;Les Plus Beaux Villages de France&#8221;, vous saurez que le village a satisfait aux conditions d&#8217;admission strictes. Ils doivent d&#8217;abord \u00eatre ruraux de moins de 2000 habitants. Ils doivent \u00e9galement avoir au moins deux sites du patrimoine national et troisi\u00e8mement, ils n\u00e9cessitent un soutien local sous la forme d&#8217;un vote du conseil.<\/p>\n<p>Il y a maintenant plus de 160 villages membres ; 45 d&#8217;entre eux sont en r\u00e9gion Occitanie &#8211; voici notre Top 5 d&#8217;entre eux :<\/p>[\/et_pb_text][\/et_pb_column][\/et_pb_row][et_pb_row column_structure=&#8221;2_5,3_5&#8243; _builder_version=&#8221;4.16&#8243; use_custom_width=&#8221;on&#8221; custom_width_px=&#8221;1280px&#8221; custom_width_px__hover=&#8221;1080px&#8221; custom_width_px__hover_enabled=&#8221;1080px&#8221; custom_width_percent__hover=&#8221;80%&#8221; custom_width_percent__hover_enabled=&#8221;80%&#8221; global_colors_info=&#8221;{}&#8221; use_custom_width__hover=&#8221;off&#8221; use_custom_width__hover_enabled=&#8221;off&#8221; width_unit__hover=&#8221;on&#8221; width_unit__hover_enabled=&#8221;on&#8221; make_fullwidth__hover=&#8221;off&#8221; make_fullwidth__hover_enabled=&#8221;off&#8221;][et_pb_column type=&#8221;2_5&#8243; _builder_version=&#8221;4.16&#8243; custom_padding=&#8221;|||&#8221; global_colors_info=&#8221;{}&#8221; custom_padding__hover=&#8221;|||&#8221;][et_pb_image src=&#8221;https:\/\/lacalade.fr\/wp-content\/uploads\/2022\/04\/IMG-2430-scaled.jpg&#8221; alt=&#8221;most beautiful villages&#8221; title_text=&#8221;IMG-2430&#8243; _builder_version=&#8221;4.16.0&#8243; global_colors_info=&#8221;{}&#8221;][\/et_pb_image][et_pb_image src=&#8221;https:\/\/lacalade.fr\/wp-content\/uploads\/2022\/04\/IMG-2441-scaled.jpg&#8221; alt=&#8221;most beautiful villages&#8221; title_text=&#8221;IMG-2441&#8243; _builder_version=&#8221;4.16.1&#8243; global_colors_info=&#8221;{}&#8221;][\/et_pb_image][\/et_pb_column][et_pb_column type=&#8221;3_5&#8243; _builder_version=&#8221;4.16&#8243; global_colors_info=&#8221;{}&#8221;][et_pb_text _builder_version=&#8221;4.16.0&#8243; _module_preset=&#8221;003e9429-8e11-4d9e-968b-8881092bbf81&#8243; header_2_font=&#8221;Vidaloka||||||||&#8221; header_2_text_color=&#8221;#161616&#8243; header_2_font_size=&#8221;40px&#8221; header_2_line_height=&#8221;1.35em&#8221; header_2_font_size_tablet=&#8221;30px&#8221; header_2_font_size_phone=&#8221;20px&#8221; header_2_font_size_last_edited=&#8221;on|desktop&#8221; global_colors_info=&#8221;{}&#8221;]<h2><span>Saint-Guilhem-le-D\u00e9sert<\/span>\u00a0<span style=\"font-size: 14px;\"><\/span><\/h2>[\/et_pb_text][et_pb_text _builder_version=&#8221;4.16.1&#8243; _module_preset=&#8221;7262e956-c376-4aa6-9642-c413f71527d0&#8243; text_line_height=&#8221;1.8em&#8221; hover_enabled=&#8221;0&#8243; text_font_size_tablet=&#8221;&#8221; text_font_size_phone=&#8221;13px&#8221; text_font_size_last_edited=&#8221;on|phone&#8221; header_font_size_tablet=&#8221;55px&#8221; header_font_size_last_edited=&#8221;off|desktop&#8221; global_colors_info=&#8221;{}&#8221; sticky_enabled=&#8221;0&#8243;]<p>Situ\u00e9 dans l&#8217;\u00e9troite vall\u00e9e de la Gellone \u00e0 la rencontre des gorges encaiss\u00e9es de l&#8217;H\u00e9rault, Saint-Guilhem-le-D\u00e9sert est essentiellement un village m\u00e9di\u00e9val construit autour de l&#8217;abbaye de Gellone. Il est situ\u00e9 sur la route de p\u00e8lerinage du Chemin de St-Jacques vers Saint-Jacques-de-Compostelle.<\/p>\n<p>Le moment id\u00e9al pour visiter est au printemps ou en automne pour vraiment appr\u00e9cier la nature qui entoure le village dans le Parc Naturel R\u00e9gional du Haut-Languedoc.<\/p>\n<p>Saint-Guilhem-le-D\u00e9sert n&#8217;est pas seulement class\u00e9 comme l&#8217;un des plus beaux villages de France mais aussi comme Grand Site de France et inscrit au patrimoine mondial de l&#8217;UNESCO.<\/p>\n<p>L&#8217;abbaye contient apparemment des morceaux de la Vraie Croix, qui a attir\u00e9 de nombreux p\u00e8lerins mais aujourd&#8217;hui vous y trouverez surtout des touristes, car Saint-Guilhem-le-D\u00e9sert est une destination pris\u00e9e.<\/p>\n<p>De nombreux restaurants et boutiques vendant des produits locaux sont pr\u00e9sents dans le centre et autour du platane centenaire de la place de la Libert\u00e9. Il est tr\u00e8s facile de passer une demi-journ\u00e9e \u00e0 fl\u00e2ner dans les ruelles de ce charmant village.<\/p>[\/et_pb_text][\/et_pb_column][\/et_pb_row][et_pb_row column_structure=&#8221;2_5,3_5&#8243; _builder_version=&#8221;4.16&#8243; use_custom_width=&#8221;on&#8221; custom_width_px=&#8221;1280px&#8221; custom_width_px__hover=&#8221;1080px&#8221; custom_width_px__hover_enabled=&#8221;1080px&#8221; custom_width_percent__hover=&#8221;80%&#8221; custom_width_percent__hover_enabled=&#8221;80%&#8221; global_colors_info=&#8221;{}&#8221; use_custom_width__hover=&#8221;off&#8221; use_custom_width__hover_enabled=&#8221;off&#8221; width_unit__hover=&#8221;on&#8221; width_unit__hover_enabled=&#8221;on&#8221; make_fullwidth__hover=&#8221;off&#8221; make_fullwidth__hover_enabled=&#8221;off&#8221;][et_pb_column type=&#8221;2_5&#8243; _builder_version=&#8221;4.16&#8243; custom_padding=&#8221;|||&#8221; global_colors_info=&#8221;{}&#8221; custom_padding__hover=&#8221;|||&#8221;][et_pb_image src=&#8221;https:\/\/lacalade.fr\/wp-content\/uploads\/2022\/04\/IMG-8488-scaled.jpg&#8221; alt=&#8221;Most beautiful villages &#8211; lagrasse&#8221; title_text=&#8221;IMG-8488&#8243; _builder_version=&#8221;4.16.1&#8243; global_colors_info=&#8221;{}&#8221;][\/et_pb_image][et_pb_image src=&#8221;https:\/\/lacalade.fr\/wp-content\/uploads\/2022\/04\/IMG-8485-scaled.jpg&#8221; alt=&#8221;Most beautiful villages &#8211; lagrasse&#8221; title_text=&#8221;IMG-8485&#8243; _builder_version=&#8221;4.16.1&#8243; global_colors_info=&#8221;{}&#8221;][\/et_pb_image][\/et_pb_column][et_pb_column type=&#8221;3_5&#8243; _builder_version=&#8221;4.16&#8243; global_colors_info=&#8221;{}&#8221;][et_pb_text _builder_version=&#8221;4.16.0&#8243; _module_preset=&#8221;003e9429-8e11-4d9e-968b-8881092bbf81&#8243; header_2_font=&#8221;Vidaloka||||||||&#8221; header_2_text_color=&#8221;#161616&#8243; header_2_font_size=&#8221;40px&#8221; header_2_line_height=&#8221;1.35em&#8221; header_2_font_size_tablet=&#8221;30px&#8221; header_2_font_size_phone=&#8221;20px&#8221; header_2_font_size_last_edited=&#8221;on|desktop&#8221; global_colors_info=&#8221;{}&#8221;]<h2><span>Lagrasse<\/span>\u00a0<span style=\"font-size: 14px;\"><\/span><\/h2>[\/et_pb_text][et_pb_text _builder_version=&#8221;4.16.1&#8243; _module_preset=&#8221;7262e956-c376-4aa6-9642-c413f71527d0&#8243; text_line_height=&#8221;1.8em&#8221; hover_enabled=&#8221;0&#8243; text_font_size_tablet=&#8221;&#8221; text_font_size_phone=&#8221;13px&#8221; text_font_size_last_edited=&#8221;on|phone&#8221; header_font_size_tablet=&#8221;55px&#8221; header_font_size_last_edited=&#8221;off|desktop&#8221; global_colors_info=&#8221;{}&#8221; sticky_enabled=&#8221;0&#8243;]<p>Dans un paysage de vignes et de collines, typique de la r\u00e9gion des Corbi\u00e8res, Lagrasse est travers\u00e9e par la rivi\u00e8re Orbieu, lieu de baignade id\u00e9al lors des chaleurs estivales. La rivi\u00e8re est enjamb\u00e9e par un pont, construit en 1303, qui relie le village \u00e0 son abbaye, joyau architectural de l&#8217;\u00e9poque m\u00e9di\u00e9vale.<\/p>\n<p>Lagrasse, autrefois la capitale culturelle des Corbi\u00e8res, comme beaucoup d&#8217;autres &#8220;Plus Beaux Villages de France&#8221; est bien balis\u00e9e, il y a m\u00eame un itin\u00e9raire que vous pouvez suivre pour voir tous les points forts.<\/p>\n<p>L&#8217;une d&#8217;entre elles est la belle halle, datant de 1315, place de la Halle. Aux c\u00f4t\u00e9s des jolies maisons datant des XIVe-XVIe si\u00e8cles, vous aurez l&#8217;impression d&#8217;avoir remont\u00e9 le temps.<\/p>\n<p>L&#8217;agriculture, les arts et l&#8217;artisanat ont toujours \u00e9t\u00e9 importants \u00e0 Lagrasse. Et de nos jours, vous pouvez trouver des producteurs de fantastiques vins, vinaigres, huiles et bi\u00e8res artisanales des Corbi\u00e8res, ainsi que des boutiques vendant des paniers, de l&#8217;artisanat, de la poterie et de l&#8217;art.<\/p>\n<p>Lors des occasions o\u00f9 j&#8217;ai visit\u00e9 Lagrasse, j&#8217;ai trouv\u00e9 qu&#8217;elle \u00e9tait \u00e9tonnamment calme &#8211; quelques touristes se promenant dans les rues pav\u00e9es, mais rien de tel que Carcassonne par exemple &#8211; ce qui est parfait pour profiter de son charme.<\/p>\n<p>Et si vous voulez vraiment vous souvenir de votre voyage \u00e0 Lagrasse, nous vous recommandons un repas au Bastion &#8211; un restaurant \u00e9toil\u00e9 Michelin avec une cuisine d\u00e9licieuse \u00e0 des prix tr\u00e8s raisonnables<\/p>[\/et_pb_text][\/et_pb_column][\/et_pb_row][et_pb_row column_structure=&#8221;2_5,3_5&#8243; _builder_version=&#8221;4.16&#8243; use_custom_width=&#8221;on&#8221; custom_width_px=&#8221;1280px&#8221; custom_width_px__hover=&#8221;1080px&#8221; custom_width_px__hover_enabled=&#8221;1080px&#8221; custom_width_percent__hover=&#8221;80%&#8221; custom_width_percent__hover_enabled=&#8221;80%&#8221; global_colors_info=&#8221;{}&#8221; use_custom_width__hover=&#8221;off&#8221; use_custom_width__hover_enabled=&#8221;off&#8221; width_unit__hover=&#8221;on&#8221; width_unit__hover_enabled=&#8221;on&#8221; make_fullwidth__hover=&#8221;off&#8221; make_fullwidth__hover_enabled=&#8221;off&#8221;][et_pb_column type=&#8221;2_5&#8243; _builder_version=&#8221;4.16&#8243; custom_padding=&#8221;|||&#8221; global_colors_info=&#8221;{}&#8221; custom_padding__hover=&#8221;|||&#8221;][et_pb_image src=&#8221;https:\/\/lacalade.fr\/wp-content\/uploads\/2022\/04\/minerve.jpg&#8221; alt=&#8221;most beautiful villages&#8221; title_text=&#8221;minerve&#8221; _builder_version=&#8221;4.16.1&#8243; global_colors_info=&#8221;{}&#8221;][\/et_pb_image][et_pb_image src=&#8221;https:\/\/lacalade.fr\/wp-content\/uploads\/2022\/04\/minerve2.jpg&#8221; alt=&#8221;Most beautiful villages &#8211; lagrasse&#8221; title_text=&#8221;minerve2&#8243; _builder_version=&#8221;4.16.1&#8243; global_colors_info=&#8221;{}&#8221;][\/et_pb_image][\/et_pb_column][et_pb_column type=&#8221;3_5&#8243; _builder_version=&#8221;4.16&#8243; global_colors_info=&#8221;{}&#8221;][et_pb_text _builder_version=&#8221;4.16.0&#8243; _module_preset=&#8221;003e9429-8e11-4d9e-968b-8881092bbf81&#8243; header_2_font=&#8221;Vidaloka||||||||&#8221; header_2_text_color=&#8221;#161616&#8243; header_2_font_size=&#8221;40px&#8221; header_2_line_height=&#8221;1.35em&#8221; header_2_font_size_tablet=&#8221;30px&#8221; header_2_font_size_phone=&#8221;20px&#8221; header_2_font_size_last_edited=&#8221;on|desktop&#8221; global_colors_info=&#8221;{}&#8221;]<h2><span>Minerve<\/span>\u00a0<span style=\"font-size: 14px;\"><\/span><\/h2>[\/et_pb_text][et_pb_text _builder_version=&#8221;4.16.1&#8243; _module_preset=&#8221;7262e956-c376-4aa6-9642-c413f71527d0&#8243; text_line_height=&#8221;1.8em&#8221; hover_enabled=&#8221;0&#8243; text_font_size_tablet=&#8221;&#8221; text_font_size_phone=&#8221;13px&#8221; text_font_size_last_edited=&#8221;on|phone&#8221; header_font_size_tablet=&#8221;55px&#8221; header_font_size_last_edited=&#8221;off|desktop&#8221; global_colors_info=&#8221;{}&#8221; sticky_enabled=&#8221;0&#8243;]<p>Ancienne forteresse cathare, les gorges environnantes prot\u00e8gent naturellement <span style=\"text-decoration: underline;\"><a href=\"https:\/\/lacalade.fr\/fr\/une-journee-a-minerve\/\">Minerve<\/a><\/span>. Ces gorges se sont \u00e9rod\u00e9es au confluent des deux rivi\u00e8res La Cesse et Le Brian. Le village est perch\u00e9 sur une haute cr\u00eate, qui offre une protection d\u00e9fensive naturellement forte.<\/p>\n<p>Cependant, cette position n&#8217;a pas emp\u00each\u00e9 Simon de Montfort de br\u00fbler 140 cathares qui ont refus\u00e9 d&#8217;abandonner leur foi en 1210. Pour se souvenir des martyrs cathares, il y a une pierre comm\u00e9morative avec une colombe grav\u00e9e pr\u00e8s de l&#8217;\u00e9glise.<\/p>\n<p>Minerve est tr\u00e8s bien conserv\u00e9e avec ses rues pav\u00e9es sinueuses qui en font un vrai plaisir \u00e0 visiter. Mais vous pouvez aussi partir \u00e0 l&#8217;aventure en explorant les Ponts Naturels. Pour y acc\u00e9der, tournez \u00e0 droite dans la rue pav\u00e9e descendante, appel\u00e9e rue de la Calade, juste apr\u00e8s avoir pass\u00e9 la tour, ou \u00ab La Candela \u00bb. Suivez les panneaux et vous arriverez \u00e0 la rivi\u00e8re.<\/p>\n<p>Si la rivi\u00e8re n&#8217;est pas trop haute, vous pouvez m\u00eame passer par les tunnels. Le petit pont mesure 110 m\u00e8tres de long et le grand 250 m\u00e8tres. Tr\u00e8s impressionnant \u00e0 voir, surtout quand on pense que ces ponts naturels datent de millions d&#8217;ann\u00e9es.<\/p>\n<p>La fin parfaite de votre visite serait un repas dans l&#8217;un des merveilleux restaurants de Minerve comme le Relais Chantovent ou Aux 2 Rivi\u00e8res<\/p>[\/et_pb_text][\/et_pb_column][\/et_pb_row][et_pb_row column_structure=&#8221;2_5,3_5&#8243; _builder_version=&#8221;4.16&#8243; use_custom_width=&#8221;on&#8221; custom_width_px=&#8221;1280px&#8221; custom_width_px__hover=&#8221;1080px&#8221; custom_width_px__hover_enabled=&#8221;1080px&#8221; custom_width_percent__hover=&#8221;80%&#8221; custom_width_percent__hover_enabled=&#8221;80%&#8221; global_colors_info=&#8221;{}&#8221; use_custom_width__hover=&#8221;off&#8221; use_custom_width__hover_enabled=&#8221;off&#8221; width_unit__hover=&#8221;on&#8221; width_unit__hover_enabled=&#8221;on&#8221; make_fullwidth__hover=&#8221;off&#8221; make_fullwidth__hover_enabled=&#8221;off&#8221;][et_pb_column type=&#8221;2_5&#8243; _builder_version=&#8221;4.16&#8243; custom_padding=&#8221;|||&#8221; global_colors_info=&#8221;{}&#8221; custom_padding__hover=&#8221;|||&#8221;][et_pb_image src=&#8221;https:\/\/lacalade.fr\/wp-content\/uploads\/2022\/04\/collioure.jpg&#8221; alt=&#8221;Most beautiful villages &#8211; lagrasse&#8221; title_text=&#8221;collioure&#8221; _builder_version=&#8221;4.16.1&#8243; global_colors_info=&#8221;{}&#8221;][\/et_pb_image][et_pb_image src=&#8221;https:\/\/lacalade.fr\/wp-content\/uploads\/2022\/04\/Collioure1-724&#215;1024.png&#8221; alt=&#8221;Most beautiful villages &#8211; lagrasse&#8221; title_text=&#8221;Collioure1&#8243; _builder_version=&#8221;4.16.1&#8243; global_colors_info=&#8221;{}&#8221;][\/et_pb_image][\/et_pb_column][et_pb_column type=&#8221;3_5&#8243; _builder_version=&#8221;4.16&#8243; global_colors_info=&#8221;{}&#8221;][et_pb_text _builder_version=&#8221;4.16.0&#8243; _module_preset=&#8221;003e9429-8e11-4d9e-968b-8881092bbf81&#8243; header_2_font=&#8221;Vidaloka||||||||&#8221; header_2_text_color=&#8221;#161616&#8243; header_2_font_size=&#8221;40px&#8221; header_2_line_height=&#8221;1.35em&#8221; header_2_font_size_tablet=&#8221;30px&#8221; header_2_font_size_phone=&#8221;20px&#8221; header_2_font_size_last_edited=&#8221;on|desktop&#8221; global_colors_info=&#8221;{}&#8221;]<h2><span>Collioure<\/span>\u00a0<span style=\"font-size: 14px;\"><\/span><\/h2>[\/et_pb_text][et_pb_text _builder_version=&#8221;4.16.1&#8243; _module_preset=&#8221;7262e956-c376-4aa6-9642-c413f71527d0&#8243; text_line_height=&#8221;1.8em&#8221; hover_enabled=&#8221;0&#8243; text_font_size_tablet=&#8221;&#8221; text_font_size_phone=&#8221;13px&#8221; text_font_size_last_edited=&#8221;on|phone&#8221; header_font_size_tablet=&#8221;55px&#8221; header_font_size_last_edited=&#8221;off|desktop&#8221; global_colors_info=&#8221;{}&#8221; sticky_enabled=&#8221;0&#8243;]<p><span style=\"text-decoration: underline;\"><a href=\"https:\/\/lacalade.fr\/fr\/meilleures-plages-du-languedoc\/\">Collioure<\/a><\/span> est situ\u00e9 sur la C\u00f4te Vermeille ; avec ses 300 jours de soleil par an, c&#8217;est un endroit fabuleux mais parfois tr\u00e8s fr\u00e9quent\u00e9. Le jour du march\u00e9 est le dimanche, parfait pour fl\u00e2ner et parcourir les produits alimentaires et artisanaux \u00e0 vendre &#8211; mais arrivez t\u00f4t !<\/p>\n<p>Collioure est un port important de la M\u00e9diterran\u00e9e depuis l&#8217;Antiquit\u00e9. Le Ch\u00e2teau Royal est mentionn\u00e9 d\u00e8s 673. Dans les si\u00e8cles qui suivent, Romains, Barbares, Arabes, Espagnols et Fran\u00e7ais occupent Collioure, qui deviendra d\u00e9finitivement fran\u00e7aise \u00e0 la fin du XVIIe si\u00e8cle. Le beau ch\u00e2teau est toujours au centre de la ville, situ\u00e9 sur la baie d&#8217;Ansa de Baleta et m\u00e9rite une visite.<\/p>\n<p>De l&#8217;autre c\u00f4t\u00e9 de la baie se trouve l&#8217;\u00e9glise Notre Dame des Anges. Le clocher rond fait partie de cette \u00e9glise et est le symbole de Collioure. Vous verrez cette tour repr\u00e9sent\u00e9e partout. Au XXe si\u00e8cle, un grand nombre d&#8217;artistes dont Picasso d\u00e9couvrent Collioure. Selon Matisse, le ciel n&#8217;est nulle part aussi bleu qu&#8217;\u00e0 Collioure.<\/p>\n<p>M\u00eame maintenant, le village a une atmosph\u00e8re artistique. La vieille ville pittoresque a suffisamment de rues et de places charmantes avec de nombreux restaurants, boutiques et galeries pour passer une journ\u00e9e ou plus\u2026 La grande partie est que vous pouvez combiner beaucoup de choses : une histoire int\u00e9ressante, une cuisine savoureuse, un bel art et un plongeon dans la mer.<\/p>[\/et_pb_text][\/et_pb_column][\/et_pb_row][et_pb_row column_structure=&#8221;2_5,3_5&#8243; _builder_version=&#8221;4.16&#8243; use_custom_width=&#8221;on&#8221; custom_width_px=&#8221;1280px&#8221; custom_width_px__hover=&#8221;1080px&#8221; custom_width_px__hover_enabled=&#8221;1080px&#8221; custom_width_percent__hover=&#8221;80%&#8221; custom_width_percent__hover_enabled=&#8221;80%&#8221; global_colors_info=&#8221;{}&#8221; use_custom_width__hover=&#8221;off&#8221; use_custom_width__hover_enabled=&#8221;off&#8221; width_unit__hover=&#8221;on&#8221; width_unit__hover_enabled=&#8221;on&#8221; make_fullwidth__hover=&#8221;off&#8221; make_fullwidth__hover_enabled=&#8221;off&#8221;][et_pb_column type=&#8221;2_5&#8243; _builder_version=&#8221;4.16&#8243; custom_padding=&#8221;|||&#8221; global_colors_info=&#8221;{}&#8221; custom_padding__hover=&#8221;|||&#8221;][et_pb_image src=&#8221;https:\/\/lacalade.fr\/wp-content\/uploads\/2022\/04\/olargues.png&#8221; alt=&#8221;most beautiful villages &#8211; olargues&#8221; title_text=&#8221;olargues&#8221; _builder_version=&#8221;4.16.1&#8243; global_colors_info=&#8221;{}&#8221;][\/et_pb_image][et_pb_image src=&#8221;https:\/\/lacalade.fr\/wp-content\/uploads\/2022\/04\/olargues2.png&#8221; alt=&#8221;Most beautiful villages &#8211; lagrasse&#8221; title_text=&#8221;olargues2&#8243; _builder_version=&#8221;4.16.1&#8243; global_colors_info=&#8221;{}&#8221;][\/et_pb_image][\/et_pb_column][et_pb_column type=&#8221;3_5&#8243; _builder_version=&#8221;4.16&#8243; global_colors_info=&#8221;{}&#8221;][et_pb_text _builder_version=&#8221;4.16.0&#8243; _module_preset=&#8221;003e9429-8e11-4d9e-968b-8881092bbf81&#8243; header_2_font=&#8221;Vidaloka||||||||&#8221; header_2_text_color=&#8221;#161616&#8243; header_2_font_size=&#8221;40px&#8221; header_2_line_height=&#8221;1.35em&#8221; header_2_font_size_tablet=&#8221;30px&#8221; header_2_font_size_phone=&#8221;20px&#8221; header_2_font_size_last_edited=&#8221;on|desktop&#8221; global_colors_info=&#8221;{}&#8221;]<h2><span>Olargues<\/span>\u00a0<span style=\"font-size: 14px;\"><\/span><\/h2>[\/et_pb_text][et_pb_text _builder_version=&#8221;4.16.1&#8243; _module_preset=&#8221;7262e956-c376-4aa6-9642-c413f71527d0&#8243; text_line_height=&#8221;1.8em&#8221; hover_enabled=&#8221;0&#8243; text_font_size_tablet=&#8221;&#8221; text_font_size_phone=&#8221;13px&#8221; text_font_size_last_edited=&#8221;on|phone&#8221; header_font_size_tablet=&#8221;55px&#8221; header_font_size_last_edited=&#8221;off|desktop&#8221; global_colors_info=&#8221;{}&#8221; sticky_enabled=&#8221;0&#8243;]<p>De sa butte rocheuse, Olargues surplombe les abords verdoyants des contreforts du Massif Central. Le village m\u00e9di\u00e9val est entour\u00e9 de ch\u00e2taigniers et de cerisiers qui c\u00f4toient vignes et oliviers.<\/p>\n<p>La vieille ville fortifi\u00e9e est aussi attrayante pour ce paysage environnant &#8211; un endroit parfait pour les activit\u00e9s de plein air que pour ses charmantes ruelles pav\u00e9es \u00e9troites, ses maisons \u00e0 colombages et ses all\u00e9es couvertes.<\/p>\n<p>La rivi\u00e8re Jaur encercle presque tout le village, enjamb\u00e9 par le &#8220;Pont du Diable&#8221; datant du 12\u00e8me si\u00e8cle. La l\u00e9gende raconte que les villageois ont construit ce pont en concluant un accord avec le diable lui-m\u00eame.<\/p>\n<p>L&#8217;histoire nous apprend qu&#8217;Olargues remonte au 12\u00e8me si\u00e8cle avec la construction du ch\u00e2teau, des remparts et des 9 portes d&#8217;entr\u00e9e. Situ\u00e9e le long de l&#8217;ancienne voie m\u00e9di\u00e9vale entre N\u00eemes et Toulouse, elle devient une importante ville \u00e9conomique et militaire au Moyen \u00c2ge. Le ch\u00e2teau actuel n&#8217;existe plus, mais on peut encore voir les vestiges des remparts et l&#8217;ancien donjon transform\u00e9 en clocher. Les pierres des remparts en ruine ont servi \u00e0 construire l&#8217;\u00e9glise Saint-Laurent.<\/p>\n<p>Vous aurez la meilleure vue sur Olargues depuis la terrasse du restaurant Fleur d&#8217;Olargues, qui sert d&#8217;excellents d\u00e9jeuners et d\u00eeners.<\/p>\n<p>Si vous aimez la randonn\u00e9e, il existe plusieurs itin\u00e9raires et l&#8217;un d&#8217;eux vous m\u00e8nera au Peiro Escrito, une peinture rupestre datant de l&#8217;\u00e2ge du bronze. La r\u00e9gion est \u00e9galement id\u00e9ale pour le VTT avec de nombreux sentiers balis\u00e9s adapt\u00e9s aux d\u00e9butants et aux cyclistes exp\u00e9riment\u00e9s.<\/p>[\/et_pb_text][\/et_pb_column][\/et_pb_row][et_pb_row _builder_version=&#8221;4.16&#8243; _module_preset=&#8221;default&#8221; global_colors_info=&#8221;{}&#8221;][et_pb_column type=&#8221;4_4&#8243; _builder_version=&#8221;4.16&#8243; _module_preset=&#8221;default&#8221; global_colors_info=&#8221;{}&#8221;][et_pb_post_nav prev_text=&#8221;article pr\u00e9c\u00e9dent&#8221; next_text=&#8221;prochain article&#8221; _builder_version=&#8221;4.16.1&#8243; _module_preset=&#8221;default&#8221; title_font=&#8221;|700|||||||&#8221; title_text_color=&#8221;#E09900&#8243; hover_enabled=&#8221;0&#8243; global_colors_info=&#8221;{}&#8221; sticky_enabled=&#8221;0&#8243;][\/et_pb_post_nav][\/et_pb_column][\/et_pb_row][\/et_pb_section][et_pb_section fb_built=&#8221;1&#8243; admin_label=&#8221;Related Posts&#8221; _builder_version=&#8221;4.16&#8243; custom_padding=&#8221;0|0px|54px|0px|false|false&#8221; locked=&#8221;off&#8221; global_colors_info=&#8221;{}&#8221;][et_pb_row _builder_version=&#8221;4.16&#8243; use_custom_width=&#8221;on&#8221; custom_width_px=&#8221;1280px&#8221; locked=&#8221;off&#8221; global_colors_info=&#8221;{}&#8221;][et_pb_column type=&#8221;4_4&#8243; _builder_version=&#8221;4.16&#8243; custom_padding=&#8221;|||&#8221; global_colors_info=&#8221;{}&#8221; custom_padding__hover=&#8221;|||&#8221;][et_pb_text _builder_version=&#8221;4.16.1&#8243; _module_preset=&#8221;003e9429-8e11-4d9e-968b-8881092bbf81&#8243; header_2_font=&#8221;Vidaloka||||||||&#8221; header_2_text_color=&#8221;#161616&#8243; header_2_font_size=&#8221;40px&#8221; header_2_line_height=&#8221;1.35em&#8221; hover_enabled=&#8221;0&#8243; header_2_font_size_tablet=&#8221;30px&#8221; header_2_font_size_phone=&#8221;20px&#8221; header_2_font_size_last_edited=&#8221;on|desktop&#8221; global_colors_info=&#8221;{}&#8221; sticky_enabled=&#8221;0&#8243;]<h2>Plus de cette cat\u00e9gorie<\/h2>[\/et_pb_text][\/et_pb_column][\/et_pb_row][et_pb_row column_structure=&#8221;1_4,1_2,1_4&#8243; _builder_version=&#8221;4.16&#8243; use_custom_width=&#8221;on&#8221; custom_width_px=&#8221;1280px&#8221; custom_width_px__hover=&#8221;1080px&#8221; custom_width_px__hover_enabled=&#8221;1080px&#8221; custom_width_percent__hover=&#8221;80%&#8221; custom_width_percent__hover_enabled=&#8221;80%&#8221; global_colors_info=&#8221;{}&#8221; make_fullwidth__hover=&#8221;off&#8221; make_fullwidth__hover_enabled=&#8221;off&#8221; use_custom_width__hover=&#8221;off&#8221; use_custom_width__hover_enabled=&#8221;off&#8221; width_unit__hover=&#8221;on&#8221; width_unit__hover_enabled=&#8221;on&#8221;][et_pb_column type=&#8221;1_4&#8243; _builder_version=&#8221;4.16&#8243; custom_padding=&#8221;|||&#8221; global_colors_info=&#8221;{}&#8221; custom_padding__hover=&#8221;|||&#8221;][et_pb_blog posts_number=&#8221;1&#8243; include_categories=&#8221;32&#8243; show_author=&#8221;off&#8221; show_categories=&#8221;off&#8221; show_pagination=&#8221;off&#8221; _builder_version=&#8221;4.16.1&#8243; header_level=&#8221;h4&#8243; header_font=&#8221;Vidaloka||||||||&#8221; header_text_color=&#8221;#161616&#8243; header_line_height=&#8221;1.4em&#8221; body_line_height=&#8221;1.8em&#8221; meta_font=&#8221;|600|||||||&#8221; meta_text_color=&#8221;#E2C29D&#8221; meta_font_size=&#8221;12px&#8221; meta_line_height=&#8221;1.8em&#8221; read_more_font=&#8221;Vidaloka||||on||||&#8221; read_more_text_color=&#8221;#161616&#8243; read_more_font_size=&#8221;16px&#8221; read_more_line_height=&#8221;1.8em&#8221; custom_padding=&#8221;|||0px||&#8221; hover_enabled=&#8221;0&#8243; border_width_all=&#8221;0px&#8221; global_colors_info=&#8221;{}&#8221; body_letter_spacing__hover=&#8221;0px&#8221; body_letter_spacing__hover_enabled=&#8221;0px&#8221; body_text_shadow_style__hover=&#8221;none&#8221; body_text_shadow_style__hover_enabled=&#8221;none&#8221; body_text_shadow_color__hover=&#8221;rgba(0,0,0,0.4)&#8221; body_text_shadow_color__hover_enabled=&#8221;rgba(0,0,0,0.4)&#8221; border_radii__hover=&#8221;on||||&#8221; border_radii__hover_enabled=&#8221;on||||&#8221; border_radii_fullwidth__hover=&#8221;on||||&#8221; border_radii_fullwidth__hover_enabled=&#8221;on||||&#8221; sticky_enabled=&#8221;0&#8243;][\/et_pb_blog][\/et_pb_column][et_pb_column type=&#8221;1_2&#8243; _builder_version=&#8221;4.16&#8243; custom_padding=&#8221;|||&#8221; global_colors_info=&#8221;{}&#8221; custom_padding__hover=&#8221;|||&#8221;][et_pb_blog posts_number=&#8221;1&#8243; include_categories=&#8221;21&#8243; show_author=&#8221;off&#8221; show_categories=&#8221;off&#8221; show_pagination=&#8221;off&#8221; _builder_version=&#8221;4.16.1&#8243; header_level=&#8221;h4&#8243; header_font=&#8221;Vidaloka||||||||&#8221; header_text_color=&#8221;#161616&#8243; header_line_height=&#8221;1.4em&#8221; body_line_height=&#8221;1.8em&#8221; meta_font=&#8221;|600|||||||&#8221; meta_text_color=&#8221;#E2C29D&#8221; meta_font_size=&#8221;12px&#8221; meta_line_height=&#8221;1.8em&#8221; read_more_font=&#8221;Vidaloka||||on||||&#8221; read_more_text_color=&#8221;#161616&#8243; read_more_font_size=&#8221;16px&#8221; read_more_line_height=&#8221;1.8em&#8221; custom_padding=&#8221;|||0px||&#8221; hover_enabled=&#8221;0&#8243; border_width_all=&#8221;0px&#8221; locked=&#8221;off&#8221; global_colors_info=&#8221;{}&#8221; body_letter_spacing__hover=&#8221;0px&#8221; body_letter_spacing__hover_enabled=&#8221;0px&#8221; body_text_shadow_style__hover=&#8221;none&#8221; body_text_shadow_style__hover_enabled=&#8221;none&#8221; body_text_shadow_color__hover=&#8221;rgba(0,0,0,0.4)&#8221; body_text_shadow_color__hover_enabled=&#8221;rgba(0,0,0,0.4)&#8221; border_radii__hover=&#8221;on||||&#8221; border_radii__hover_enabled=&#8221;on||||&#8221; border_radii_fullwidth__hover=&#8221;on||||&#8221; border_radii_fullwidth__hover_enabled=&#8221;on||||&#8221; sticky_enabled=&#8221;0&#8243;][\/et_pb_blog][\/et_pb_column][et_pb_column type=&#8221;1_4&#8243; _builder_version=&#8221;4.16&#8243; custom_padding=&#8221;|||&#8221; global_colors_info=&#8221;{}&#8221; custom_padding__hover=&#8221;|||&#8221;][et_pb_blog posts_number=&#8221;1&#8243; include_categories=&#8221;8&#8243; show_author=&#8221;off&#8221; show_categories=&#8221;off&#8221; show_pagination=&#8221;off&#8221; _builder_version=&#8221;4.16.1&#8243; header_level=&#8221;h4&#8243; header_font=&#8221;Vidaloka||||||||&#8221; header_text_color=&#8221;#161616&#8243; header_line_height=&#8221;1.4em&#8221; body_line_height=&#8221;1.8em&#8221; meta_font=&#8221;|600|||||||&#8221; meta_text_color=&#8221;#E2C29D&#8221; meta_font_size=&#8221;12px&#8221; meta_line_height=&#8221;1.8em&#8221; read_more_font=&#8221;Vidaloka||||on||||&#8221; read_more_text_color=&#8221;#161616&#8243; read_more_font_size=&#8221;16px&#8221; read_more_line_height=&#8221;1.8em&#8221; custom_padding=&#8221;|||0px||&#8221; link_option_url=&#8221;https:\/\/lacalade.fr\/the-perfect-mid-week-break-in-occitanie\/&#8221; hover_enabled=&#8221;0&#8243; border_width_all=&#8221;0px&#8221; locked=&#8221;off&#8221; global_colors_info=&#8221;{}&#8221; body_letter_spacing__hover=&#8221;0px&#8221; body_letter_spacing__hover_enabled=&#8221;0px&#8221; body_text_shadow_style__hover=&#8221;none&#8221; body_text_shadow_style__hover_enabled=&#8221;none&#8221; body_text_shadow_color__hover=&#8221;rgba(0,0,0,0.4)&#8221; body_text_shadow_color__hover_enabled=&#8221;rgba(0,0,0,0.4)&#8221; border_radii__hover=&#8221;on||||&#8221; border_radii__hover_enabled=&#8221;on||||&#8221; border_radii_fullwidth__hover=&#8221;on||||&#8221; border_radii_fullwidth__hover_enabled=&#8221;on||||&#8221; sticky_enabled=&#8221;0&#8243;][\/et_pb_blog][\/et_pb_column][\/et_pb_row][et_pb_row column_structure=&#8221;1_2,1_2&#8243; _builder_version=&#8221;4.16.1&#8243; _module_preset=&#8221;default&#8221; global_colors_info=&#8221;{}&#8221;][et_pb_column type=&#8221;1_2&#8243; _builder_version=&#8221;4.16.1&#8243; _module_preset=&#8221;default&#8221; global_colors_info=&#8221;{}&#8221;][et_pb_cta title=&#8221;Guide Gratuit&#8221; button_url=&#8221;https:\/\/view.flodesk.com\/pages\/622e11eae4da3a4464c30559&#8243; url_new_window=&#8221;on&#8221; button_text=&#8221;Cliquez Ici&#8221; _builder_version=&#8221;4.16.1&#8243; _module_preset=&#8221;default&#8221; hover_enabled=&#8221;0&#8243; global_colors_info=&#8221;{}&#8221; sticky_enabled=&#8221;0&#8243;]<p><img loading=\"lazy\" decoding=\"async\" src=\"https:\/\/lacalade.fr\/fr\/wp-content\/uploads\/2022\/03\/French-transparent.png\" width=\"400\" height=\"400\" alt=\"\" class=\"wp-image-82319 alignnone size-full\" srcset=\"https:\/\/lacalade.fr\/fr\/wp-content\/uploads\/2022\/03\/French-transparent.png 400w, https:\/\/lacalade.fr\/fr\/wp-content\/uploads\/2022\/03\/French-transparent-300x300.png 300w, https:\/\/lacalade.fr\/fr\/wp-content\/uploads\/2022\/03\/French-transparent-150x150.png 150w\" sizes=\"(max-width: 400px) 100vw, 400px\" \/>Si vous souhaitez plus d&#8217;inspiration pour votre voyage dans cette merveilleuse r\u00e9gion, vous pouvez t\u00e9l\u00e9charger ce guide de 7 joyaux cach\u00e9s<\/p>[\/et_pb_cta][\/et_pb_column][et_pb_column type=&#8221;1_2&#8243; _builder_version=&#8221;4.16.1&#8243; _module_preset=&#8221;default&#8221; global_colors_info=&#8221;{}&#8221;][et_pb_cta title=&#8221;Guide Gratuit&#8221; button_url=&#8221;https:\/\/view.flodesk.com\/pages\/6242dee5a489a627bce7c99a&#8221; url_new_window=&#8221;on&#8221; button_text=&#8221;Cliquez Ici&#8221; _builder_version=&#8221;4.16.1&#8243; _module_preset=&#8221;default&#8221; hover_enabled=&#8221;0&#8243; global_colors_info=&#8221;{}&#8221; sticky_enabled=&#8221;0&#8243;]<p><img loading=\"lazy\" decoding=\"async\" src=\"https:\/\/lacalade.fr\/fr\/wp-content\/uploads\/2022\/03\/restaurant-transparent-french.png\" width=\"400\" height=\"400\" alt=\"\" class=\"wp-image-82536 alignnone size-full\" srcset=\"https:\/\/lacalade.fr\/fr\/wp-content\/uploads\/2022\/03\/restaurant-transparent-french.png 400w, https:\/\/lacalade.fr\/fr\/wp-content\/uploads\/2022\/03\/restaurant-transparent-french-300x300.png 300w, https:\/\/lacalade.fr\/fr\/wp-content\/uploads\/2022\/03\/restaurant-transparent-french-150x150.png 150w\" sizes=\"(max-width: 400px) 100vw, 400px\" \/><\/p>\n<p>Pour d\u00e9couvrir certains de nos restaurants pr\u00e9f\u00e9r\u00e9s dans la r\u00e9gion, vous pouvez t\u00e9l\u00e9charger ce guide pratique des restaurants<\/p>[\/et_pb_cta][\/et_pb_column][\/et_pb_row][\/et_pb_section]\n","protected":false},"excerpt":{"rendered":"<p>Top 5 des Plus Beaux Villages du LanguedocLes Plus Beaux Villages de France est une association cr\u00e9\u00e9e en 1982 pour prot\u00e9ger et promouvoir la richesse du patrimoine culturel et l&#8217;attractivit\u00e9 des petits villages ruraux. Ainsi, lorsque vous verrez un panneau &#8220;Les Plus Beaux Villages de France&#8221;, vous saurez que le village a satisfait aux conditions [&hellip;]<\/p>\n","protected":false},"author":1,"featured_media":82666,"comment_status":"closed","ping_status":"open","sticky":false,"template":"","format":"standard","meta":{"_et_pb_use_builder":"on","_et_pb_old_content":"","_et_gb_content_width":"","_monsterinsights_skip_tracking":false,"_monsterinsights_sitenote_active":false,"_monsterinsights_sitenote_note":"","_monsterinsights_sitenote_category":0,"footnotes":""},"categories":[21,16,8],"tags":[54,20,70,66,42,17,67,69,44,68,23],"class_list":["post-82436","post","type-post","status-publish","format-standard","has-post-thumbnail","hentry","category-history","category-nature","category-villages","tag-collioure","tag-france","tag-histoire","tag-lagrasse","tag-minerve","tag-nature","tag-olargues","tag-randonnee","tag-restaurants","tag-saint-guilhem","tag-villages"],"yoast_head":"<!-- This site is optimized with the Yoast SEO plugin v27.4 - https:\/\/yoast.com\/product\/yoast-seo-wordpress\/ -->\n<title>Les Plus Beaux Villages en Languedoc - de La Calade B&amp;B<\/title>\n<meta name=\"description\" content=\"D\u00e9couvrez le top 5 des Plus Beaux Villages officiels du Languedoc. Histoire, paysages &amp; gastronomie ne manquent pas !\" \/>\n<meta name=\"robots\" content=\"index, follow, max-snippet:-1, max-image-preview:large, max-video-preview:-1\" \/>\n<link rel=\"canonical\" href=\"https:\/\/lacalade.fr\/fr\/les-plus-beaux-villages\/\" \/>\n<meta property=\"og:locale\" content=\"en_GB\" \/>\n<meta property=\"og:type\" content=\"article\" \/>\n<meta property=\"og:title\" content=\"Les Plus Beaux Villages en Languedoc - de La Calade B&amp;B\" \/>\n<meta property=\"og:description\" content=\"D\u00e9couvrez le top 5 des Plus Beaux Villages officiels du Languedoc. Histoire, paysages &amp; gastronomie ne manquent pas !\" \/>\n<meta property=\"og:url\" content=\"https:\/\/lacalade.fr\/fr\/les-plus-beaux-villages\/\" \/>\n<meta property=\"og:site_name\" content=\"La Calade\" \/>\n<meta property=\"article:published_time\" content=\"2022-04-06T09:54:29+00:00\" \/>\n<meta property=\"article:modified_time\" content=\"2023-11-09T08:26:48+00:00\" \/>\n<meta property=\"og:image\" content=\"https:\/\/lacalade.fr\/fr\/wp-content\/uploads\/2022\/04\/plus-beaux-villages.png\" \/>\n\t<meta property=\"og:image:width\" content=\"820\" \/>\n\t<meta property=\"og:image:height\" content=\"312\" \/>\n\t<meta property=\"og:image:type\" content=\"image\/png\" \/>\n<meta name=\"author\" content=\"admin\" \/>\n<meta name=\"twitter:card\" content=\"summary_large_image\" \/>\n<meta name=\"twitter:label1\" content=\"Written by\" \/>\n\t<meta name=\"twitter:data1\" content=\"admin\" \/>\n\t<meta name=\"twitter:label2\" content=\"Estimated reading time\" \/>\n\t<meta name=\"twitter:data2\" content=\"9 minutes\" \/>\n<script type=\"application\/ld+json\" class=\"yoast-schema-graph\">{\"@context\":\"https:\\\/\\\/schema.org\",\"@graph\":[{\"@type\":\"Article\",\"@id\":\"https:\\\/\\\/lacalade.fr\\\/fr\\\/les-plus-beaux-villages\\\/#article\",\"isPartOf\":{\"@id\":\"https:\\\/\\\/lacalade.fr\\\/fr\\\/les-plus-beaux-villages\\\/\"},\"author\":{\"name\":\"admin\",\"@id\":\"https:\\\/\\\/lacalade.fr\\\/fr\\\/#\\\/schema\\\/person\\\/331668327070d3f5f6fa8c553d02df81\"},\"headline\":\"Les Plus Beaux Villages\",\"datePublished\":\"2022-04-06T09:54:29+00:00\",\"dateModified\":\"2023-11-09T08:26:48+00:00\",\"mainEntityOfPage\":{\"@id\":\"https:\\\/\\\/lacalade.fr\\\/fr\\\/les-plus-beaux-villages\\\/\"},\"wordCount\":4155,\"image\":{\"@id\":\"https:\\\/\\\/lacalade.fr\\\/fr\\\/les-plus-beaux-villages\\\/#primaryimage\"},\"thumbnailUrl\":\"https:\\\/\\\/lacalade.fr\\\/fr\\\/wp-content\\\/uploads\\\/2022\\\/04\\\/plus-beaux-villages.png\",\"keywords\":[\"Collioure\",\"france\",\"histoire\",\"Lagrasse\",\"Minerve\",\"Nature\",\"Olargues\",\"randonn\u00e9e\",\"restaurants\",\"Saint Guilhem\",\"Villages\"],\"articleSection\":[\"History\",\"Nature\",\"Villages\"],\"inLanguage\":\"en-GB\"},{\"@type\":\"WebPage\",\"@id\":\"https:\\\/\\\/lacalade.fr\\\/fr\\\/les-plus-beaux-villages\\\/\",\"url\":\"https:\\\/\\\/lacalade.fr\\\/fr\\\/les-plus-beaux-villages\\\/\",\"name\":\"Les Plus Beaux Villages en Languedoc - de La Calade B&B\",\"isPartOf\":{\"@id\":\"https:\\\/\\\/lacalade.fr\\\/fr\\\/#website\"},\"primaryImageOfPage\":{\"@id\":\"https:\\\/\\\/lacalade.fr\\\/fr\\\/les-plus-beaux-villages\\\/#primaryimage\"},\"image\":{\"@id\":\"https:\\\/\\\/lacalade.fr\\\/fr\\\/les-plus-beaux-villages\\\/#primaryimage\"},\"thumbnailUrl\":\"https:\\\/\\\/lacalade.fr\\\/fr\\\/wp-content\\\/uploads\\\/2022\\\/04\\\/plus-beaux-villages.png\",\"datePublished\":\"2022-04-06T09:54:29+00:00\",\"dateModified\":\"2023-11-09T08:26:48+00:00\",\"author\":{\"@id\":\"https:\\\/\\\/lacalade.fr\\\/fr\\\/#\\\/schema\\\/person\\\/331668327070d3f5f6fa8c553d02df81\"},\"description\":\"D\u00e9couvrez le top 5 des Plus Beaux Villages officiels du Languedoc. Histoire, paysages & gastronomie ne manquent pas !\",\"breadcrumb\":{\"@id\":\"https:\\\/\\\/lacalade.fr\\\/fr\\\/les-plus-beaux-villages\\\/#breadcrumb\"},\"inLanguage\":\"en-GB\",\"potentialAction\":[{\"@type\":\"ReadAction\",\"target\":[\"https:\\\/\\\/lacalade.fr\\\/fr\\\/les-plus-beaux-villages\\\/\"]}]},{\"@type\":\"ImageObject\",\"inLanguage\":\"en-GB\",\"@id\":\"https:\\\/\\\/lacalade.fr\\\/fr\\\/les-plus-beaux-villages\\\/#primaryimage\",\"url\":\"https:\\\/\\\/lacalade.fr\\\/fr\\\/wp-content\\\/uploads\\\/2022\\\/04\\\/plus-beaux-villages.png\",\"contentUrl\":\"https:\\\/\\\/lacalade.fr\\\/fr\\\/wp-content\\\/uploads\\\/2022\\\/04\\\/plus-beaux-villages.png\",\"width\":820,\"height\":312,\"caption\":\"plus beaux villages\"},{\"@type\":\"BreadcrumbList\",\"@id\":\"https:\\\/\\\/lacalade.fr\\\/fr\\\/les-plus-beaux-villages\\\/#breadcrumb\",\"itemListElement\":[{\"@type\":\"ListItem\",\"position\":1,\"name\":\"Home\",\"item\":\"https:\\\/\\\/lacalade.fr\\\/fr\\\/\"},{\"@type\":\"ListItem\",\"position\":2,\"name\":\"Les Plus Beaux Villages\"}]},{\"@type\":\"WebSite\",\"@id\":\"https:\\\/\\\/lacalade.fr\\\/fr\\\/#website\",\"url\":\"https:\\\/\\\/lacalade.fr\\\/fr\\\/\",\"name\":\"La Calade\",\"description\":\"Bed and Breakfast, Montouliers, France\",\"potentialAction\":[{\"@type\":\"SearchAction\",\"target\":{\"@type\":\"EntryPoint\",\"urlTemplate\":\"https:\\\/\\\/lacalade.fr\\\/fr\\\/?s={search_term_string}\"},\"query-input\":{\"@type\":\"PropertyValueSpecification\",\"valueRequired\":true,\"valueName\":\"search_term_string\"}}],\"inLanguage\":\"en-GB\"},{\"@type\":\"Person\",\"@id\":\"https:\\\/\\\/lacalade.fr\\\/fr\\\/#\\\/schema\\\/person\\\/331668327070d3f5f6fa8c553d02df81\",\"name\":\"admin\",\"image\":{\"@type\":\"ImageObject\",\"inLanguage\":\"en-GB\",\"@id\":\"https:\\\/\\\/secure.gravatar.com\\\/avatar\\\/2f2266c09701dc857dd4df8d074fd5d6922fb4e829a7d5025213a37af0a8854c?s=96&d=mm&r=g\",\"url\":\"https:\\\/\\\/secure.gravatar.com\\\/avatar\\\/2f2266c09701dc857dd4df8d074fd5d6922fb4e829a7d5025213a37af0a8854c?s=96&d=mm&r=g\",\"contentUrl\":\"https:\\\/\\\/secure.gravatar.com\\\/avatar\\\/2f2266c09701dc857dd4df8d074fd5d6922fb4e829a7d5025213a37af0a8854c?s=96&d=mm&r=g\",\"caption\":\"admin\"},\"sameAs\":[\"https:\\\/\\\/myveryown.co.uk\\\/lacalade\"],\"url\":\"https:\\\/\\\/lacalade.fr\\\/fr\\\/author\\\/admin\\\/\"}]}<\/script>\n<!-- \/ Yoast SEO plugin. -->","yoast_head_json":{"title":"Les Plus Beaux Villages en Languedoc - de La Calade B&B","description":"D\u00e9couvrez le top 5 des Plus Beaux Villages officiels du Languedoc. Histoire, paysages & gastronomie ne manquent pas !","robots":{"index":"index","follow":"follow","max-snippet":"max-snippet:-1","max-image-preview":"max-image-preview:large","max-video-preview":"max-video-preview:-1"},"canonical":"https:\/\/lacalade.fr\/fr\/les-plus-beaux-villages\/","og_locale":"en_GB","og_type":"article","og_title":"Les Plus Beaux Villages en Languedoc - de La Calade B&B","og_description":"D\u00e9couvrez le top 5 des Plus Beaux Villages officiels du Languedoc. Histoire, paysages & gastronomie ne manquent pas !","og_url":"https:\/\/lacalade.fr\/fr\/les-plus-beaux-villages\/","og_site_name":"La Calade","article_published_time":"2022-04-06T09:54:29+00:00","article_modified_time":"2023-11-09T08:26:48+00:00","og_image":[{"width":820,"height":312,"url":"https:\/\/lacalade.fr\/fr\/wp-content\/uploads\/2022\/04\/plus-beaux-villages.png","type":"image\/png"}],"author":"admin","twitter_card":"summary_large_image","twitter_misc":{"Written by":"admin","Estimated reading time":"9 minutes"},"schema":{"@context":"https:\/\/schema.org","@graph":[{"@type":"Article","@id":"https:\/\/lacalade.fr\/fr\/les-plus-beaux-villages\/#article","isPartOf":{"@id":"https:\/\/lacalade.fr\/fr\/les-plus-beaux-villages\/"},"author":{"name":"admin","@id":"https:\/\/lacalade.fr\/fr\/#\/schema\/person\/331668327070d3f5f6fa8c553d02df81"},"headline":"Les Plus Beaux Villages","datePublished":"2022-04-06T09:54:29+00:00","dateModified":"2023-11-09T08:26:48+00:00","mainEntityOfPage":{"@id":"https:\/\/lacalade.fr\/fr\/les-plus-beaux-villages\/"},"wordCount":4155,"image":{"@id":"https:\/\/lacalade.fr\/fr\/les-plus-beaux-villages\/#primaryimage"},"thumbnailUrl":"https:\/\/lacalade.fr\/fr\/wp-content\/uploads\/2022\/04\/plus-beaux-villages.png","keywords":["Collioure","france","histoire","Lagrasse","Minerve","Nature","Olargues","randonn\u00e9e","restaurants","Saint Guilhem","Villages"],"articleSection":["History","Nature","Villages"],"inLanguage":"en-GB"},{"@type":"WebPage","@id":"https:\/\/lacalade.fr\/fr\/les-plus-beaux-villages\/","url":"https:\/\/lacalade.fr\/fr\/les-plus-beaux-villages\/","name":"Les Plus Beaux Villages en Languedoc - de La Calade B&B","isPartOf":{"@id":"https:\/\/lacalade.fr\/fr\/#website"},"primaryImageOfPage":{"@id":"https:\/\/lacalade.fr\/fr\/les-plus-beaux-villages\/#primaryimage"},"image":{"@id":"https:\/\/lacalade.fr\/fr\/les-plus-beaux-villages\/#primaryimage"},"thumbnailUrl":"https:\/\/lacalade.fr\/fr\/wp-content\/uploads\/2022\/04\/plus-beaux-villages.png","datePublished":"2022-04-06T09:54:29+00:00","dateModified":"2023-11-09T08:26:48+00:00","author":{"@id":"https:\/\/lacalade.fr\/fr\/#\/schema\/person\/331668327070d3f5f6fa8c553d02df81"},"description":"D\u00e9couvrez le top 5 des Plus Beaux Villages officiels du Languedoc. Histoire, paysages & gastronomie ne manquent pas !","breadcrumb":{"@id":"https:\/\/lacalade.fr\/fr\/les-plus-beaux-villages\/#breadcrumb"},"inLanguage":"en-GB","potentialAction":[{"@type":"ReadAction","target":["https:\/\/lacalade.fr\/fr\/les-plus-beaux-villages\/"]}]},{"@type":"ImageObject","inLanguage":"en-GB","@id":"https:\/\/lacalade.fr\/fr\/les-plus-beaux-villages\/#primaryimage","url":"https:\/\/lacalade.fr\/fr\/wp-content\/uploads\/2022\/04\/plus-beaux-villages.png","contentUrl":"https:\/\/lacalade.fr\/fr\/wp-content\/uploads\/2022\/04\/plus-beaux-villages.png","width":820,"height":312,"caption":"plus beaux villages"},{"@type":"BreadcrumbList","@id":"https:\/\/lacalade.fr\/fr\/les-plus-beaux-villages\/#breadcrumb","itemListElement":[{"@type":"ListItem","position":1,"name":"Home","item":"https:\/\/lacalade.fr\/fr\/"},{"@type":"ListItem","position":2,"name":"Les Plus Beaux Villages"}]},{"@type":"WebSite","@id":"https:\/\/lacalade.fr\/fr\/#website","url":"https:\/\/lacalade.fr\/fr\/","name":"La Calade","description":"Bed and Breakfast, Montouliers, France","potentialAction":[{"@type":"SearchAction","target":{"@type":"EntryPoint","urlTemplate":"https:\/\/lacalade.fr\/fr\/?s={search_term_string}"},"query-input":{"@type":"PropertyValueSpecification","valueRequired":true,"valueName":"search_term_string"}}],"inLanguage":"en-GB"},{"@type":"Person","@id":"https:\/\/lacalade.fr\/fr\/#\/schema\/person\/331668327070d3f5f6fa8c553d02df81","name":"admin","image":{"@type":"ImageObject","inLanguage":"en-GB","@id":"https:\/\/secure.gravatar.com\/avatar\/2f2266c09701dc857dd4df8d074fd5d6922fb4e829a7d5025213a37af0a8854c?s=96&d=mm&r=g","url":"https:\/\/secure.gravatar.com\/avatar\/2f2266c09701dc857dd4df8d074fd5d6922fb4e829a7d5025213a37af0a8854c?s=96&d=mm&r=g","contentUrl":"https:\/\/secure.gravatar.com\/avatar\/2f2266c09701dc857dd4df8d074fd5d6922fb4e829a7d5025213a37af0a8854c?s=96&d=mm&r=g","caption":"admin"},"sameAs":["https:\/\/myveryown.co.uk\/lacalade"],"url":"https:\/\/lacalade.fr\/fr\/author\/admin\/"}]}},"_links":{"self":[{"href":"https:\/\/lacalade.fr\/fr\/wp-json\/wp\/v2\/posts\/82436","targetHints":{"allow":["GET"]}}],"collection":[{"href":"https:\/\/lacalade.fr\/fr\/wp-json\/wp\/v2\/posts"}],"about":[{"href":"https:\/\/lacalade.fr\/fr\/wp-json\/wp\/v2\/types\/post"}],"author":[{"embeddable":true,"href":"https:\/\/lacalade.fr\/fr\/wp-json\/wp\/v2\/users\/1"}],"replies":[{"embeddable":true,"href":"https:\/\/lacalade.fr\/fr\/wp-json\/wp\/v2\/comments?post=82436"}],"version-history":[{"count":4,"href":"https:\/\/lacalade.fr\/fr\/wp-json\/wp\/v2\/posts\/82436\/revisions"}],"predecessor-version":[{"id":82667,"href":"https:\/\/lacalade.fr\/fr\/wp-json\/wp\/v2\/posts\/82436\/revisions\/82667"}],"wp:featuredmedia":[{"embeddable":true,"href":"https:\/\/lacalade.fr\/fr\/wp-json\/wp\/v2\/media\/82666"}],"wp:attachment":[{"href":"https:\/\/lacalade.fr\/fr\/wp-json\/wp\/v2\/media?parent=82436"}],"wp:term":[{"taxonomy":"category","embeddable":true,"href":"https:\/\/lacalade.fr\/fr\/wp-json\/wp\/v2\/categories?post=82436"},{"taxonomy":"post_tag","embeddable":true,"href":"https:\/\/lacalade.fr\/fr\/wp-json\/wp\/v2\/tags?post=82436"}],"curies":[{"name":"wp","href":"https:\/\/api.w.org\/{rel}","templated":true}]}}